{"id":143,"count":1,"description":"","link":"https:\/\/alanyanet.com\/en\/tag\/bilgisayar-tamircisi-ciplakli\/","name":"bilgisayar tamircisi \u00e7\u0131plakl\u0131","slug":"bilgisayar-tamircisi-ciplakli","taxonomy":"post_tag","meta":[],"_links":{"self":[{"href":"https:\/\/alanyanet.com\/en\/wp-json\/wp\/v2\/tags\/143","targetHints":{"allow":["GET"]}}],"collection":[{"href":"https:\/\/alanyanet.com\/en\/wp-json\/wp\/v2\/tags"}],"about":[{"href":"https:\/\/alanyanet.com\/en\/wp-json\/wp\/v2\/taxonomies\/post_tag"}],"wp:post_type":[{"href":"https:\/\/alanyanet.com\/en\/wp-json\/wp\/v2\/posts?tags=143"}],"curies":[{"name":"wp","href":"https:\/\/api.w.org\/{rel}","templated":true}]}}